{"id":9842945,"date":"2026-01-13T16:14:48","date_gmt":"2026-01-13T15:14:48","guid":{"rendered":"https:\/\/sosve.lu\/?p=9842945"},"modified":"2026-01-13T16:36:01","modified_gmt":"2026-01-13T15:36:01","slug":"thank-you-to-all-our-donors-sponsors-and-sos-friends","status":"publish","type":"post","link":"https:\/\/sosve.lu\/en\/thank-you-to-all-our-donors-sponsors-and-sos-friends\/","title":{"rendered":"Thank you to all our donors, sponsors and SOS friends!"},"content":{"rendered":"\n<p>As we begin this new year, we would like to express our heartfelt thanks for standing by us in 2025 and helping to build a better world for children. Current events are urgent and full of challenges, but thanks to you and your wonderful spirit of solidarity, we remain committed wherever vulnerable children need us most.<\/p>\n\n\n\n<p>Thanks to its donors and partners, in 2025 <strong>SOS Villages d\u2019Enfants Monde<\/strong> supported more than 60,800 vulnerable children, young people and adults, as well as 37,000 other direct beneficiaries and community or state actors through 15 projects in 27 countries.<\/p>\n\n\n\n<p><strong><mark style=\"background-color:rgba(0, 0, 0, 0)\" class=\"has-inline-color has-vivid-cyan-blue-color\">To find out more and support our projects:<\/mark><\/strong><\/p>\n\n\n\n\n\n\n\n\n\n\n\n\n       \n<div class=\"site_list_post projets_list col-12 p-0\">\n<div class=\"d-flex row\">\n\t\n\n\t<p class=\"mb-5 d-block w-100 \"><\/p> \n\t\n\t\n\t\n\t\t\n\t\t\n                <article class=\"post col-md-6 col-12 mb-30\">\n                    <div class=\"row m-0 \">\n                        <div class=\"col-12 p-0\">\n        <a href=\"https:\/\/sosve.lu\/en\/project\/soutenir-les-familles-monoparentales-pour-le-bien-etre-des-enfants-migrants-en-colombie\/\"><div class=\"col-12 thumbnail\" style=\"background-image:url('https:\/\/sosve.lu\/wp-content\/uploads\/2024\/07\/DSC05591.jpg')\"><\/div>\n        <\/a>\n        <div class=\"col-12 p-30 d-flex flex-column align-items-stretch\">\n          <h2>\n                        <a href=\"https:\/\/sosve.lu\/en\/project\/soutenir-les-familles-monoparentales-pour-le-bien-etre-des-enfants-migrants-en-colombie\/\">Supporting single-parent families for the well-being of migrant children in Colombia<\/a>\n          <\/h2>\n\n          \n                          \n             \n                                       \n                                       \n             <div class=\"localisation-ico d-flex align-items-center mt-10\">South America &#8211; <\/div><div class=\"button category mt-15\"><a href=\"https:\/\/sosve.lu\/en\/area\/development-aid\/\" rel=\"tag\">Support for key people involved in child protection<\/a><\/div>\n\n\n<\/div>\n          <\/div>\n          <\/div>\n          <\/article>\n      \n    \n    \n            <article class=\"post col-md-6 col-12 mb-30\">\n                    <div class=\"row m-0 \">\n                        <div class=\"col-12 p-0\">\n        <a href=\"https:\/\/sosve.lu\/en\/project\/support-to-tahoua-communities\/\"><div class=\"col-12 thumbnail\" style=\"background-image:url('')\"><\/div>\n        <\/a>\n        <div class=\"col-12 p-30 d-flex flex-column align-items-stretch\">\n          <h2>\n                        <a href=\"https:\/\/sosve.lu\/en\/project\/support-to-tahoua-communities\/\">Support to Tahoua communities<\/a>\n          <\/h2>\n\n          \n                          \n             \n                                       \n                                       \n             <div class=\"localisation-ico d-flex align-items-center mt-10\">Niger &#8211; Tahoua<\/div><div class=\"button category mt-15\"><a href=\"https:\/\/sosve.lu\/en\/area\/education-en\/\" rel=\"tag\">Education<\/a><a href=\"https:\/\/sosve.lu\/en\/area\/nutrition-health\/\" rel=\"tag\">Nutrition and health<\/a><a href=\"https:\/\/sosve.lu\/en\/area\/pacope\/\" rel=\"tag\">PACOPE-SPE<\/a><a href=\"https:\/\/sosve.lu\/en\/area\/protection-gender-equality\/\" rel=\"tag\">Protection and gender equality<\/a><a href=\"https:\/\/sosve.lu\/en\/area\/development-aid\/\" rel=\"tag\">Support for key people involved in child protection<\/a><a href=\"https:\/\/sosve.lu\/en\/area\/youth-employability\/\" rel=\"tag\">Youth employability<\/a><\/div>\n\n\n<\/div>\n          <\/div>\n          <\/div>\n          <\/article>\n      \n    \n    \n            <article class=\"post col-md-6 col-12 mb-30\">\n                    <div class=\"row m-0 \">\n                        <div class=\"col-12 p-0\">\n        <a href=\"https:\/\/sosve.lu\/en\/project\/support-for-vulnerable-families-in-cape-verde\/\"><div class=\"col-12 thumbnail\" style=\"background-image:url('https:\/\/sosve.lu\/wp-content\/uploads\/2024\/07\/Header-4954x1661-Cap-Vert-scaled.jpg')\"><\/div>\n        <\/a>\n        <div class=\"col-12 p-30 d-flex flex-column align-items-stretch\">\n          <h2>\n                        <a href=\"https:\/\/sosve.lu\/en\/project\/support-for-vulnerable-families-in-cape-verde\/\">Support for vulnerable families in Cape Verde<\/a>\n          <\/h2>\n\n          \n                          \n             \n                                       \n                                       \n             <div class=\"localisation-ico d-flex align-items-center mt-10\">Cabo Verde &#8211; S\u00e3o Pedro, Cap-Vert<\/div><div class=\"button category mt-15\"><a href=\"https:\/\/sosve.lu\/en\/area\/education-en\/\" rel=\"tag\">Education<\/a><\/div>\n\n\n<\/div>\n          <\/div>\n          <\/div>\n          <\/article>\n      \n    \n    \n            <article class=\"post col-md-6 col-12 mb-30\">\n                    <div class=\"row m-0 \">\n                        <div class=\"col-12 p-0\">\n        <a href=\"https:\/\/sosve.lu\/en\/project\/soutien-aux-eleves-de-lecole-secondaire-des-metiers-dart-dabomey-calavi\/\"><div class=\"col-12 thumbnail\" style=\"background-image:url('https:\/\/sosve.lu\/wp-content\/uploads\/2023\/09\/Benin-SFC-Abomey-Calavi-003_Sebastie-Taylor_JPG-scaled.jpg')\"><\/div>\n        <\/a>\n        <div class=\"col-12 p-30 d-flex flex-column align-items-stretch\">\n          <h2>\n                        <a href=\"https:\/\/sosve.lu\/en\/project\/soutien-aux-eleves-de-lecole-secondaire-des-metiers-dart-dabomey-calavi\/\">Support for students at the Ecole Secondaire des M\u00e9tiers d&#8217;Art in Abomey-Calavi<\/a>\n          <\/h2>\n\n          \n                          \n             \n                                       \n                                       \n             <div class=\"localisation-ico d-flex align-items-center mt-10\">Benin &#8211; Abomey-Calavi<\/div><div class=\"button category mt-15\"><a href=\"https:\/\/sosve.lu\/en\/area\/childrens-villages\/\" rel=\"tag\">Children&#8217;s Villages and SOS structures<\/a><a href=\"https:\/\/sosve.lu\/en\/area\/education-en\/\" rel=\"tag\">Education<\/a><a href=\"https:\/\/sosve.lu\/en\/area\/protection-gender-equality\/\" rel=\"tag\">Protection and gender equality<\/a><a href=\"https:\/\/sosve.lu\/en\/area\/youth-employability\/\" rel=\"tag\">Youth employability<\/a><\/div>\n\n\n<\/div>\n          <\/div>\n          <\/div>\n          <\/article>\n      \n    \n    \n            <article class=\"post col-md-6 col-12 mb-30\">\n                    <div class=\"row m-0 \">\n                        <div class=\"col-12 p-0\">\n        <a href=\"https:\/\/sosve.lu\/en\/project\/support-for-pikine-communities\/\"><div class=\"col-12 thumbnail\" style=\"background-image:url('https:\/\/sosve.lu\/wp-content\/uploads\/2020\/09\/WEB1-1-9.jpg')\"><\/div>\n        <\/a>\n        <div class=\"col-12 p-30 d-flex flex-column align-items-stretch\">\n          <h2>\n                        <a href=\"https:\/\/sosve.lu\/en\/project\/support-for-pikine-communities\/\">Support for Pikine communities<\/a>\n          <\/h2>\n\n          \n                          \n             \n                                       \n                                       \n             <div class=\"localisation-ico d-flex align-items-center mt-10\">Senegal &#8211; Pikine<\/div><div class=\"button category mt-15\"><a href=\"https:\/\/sosve.lu\/en\/area\/education-en\/\" rel=\"tag\">Education<\/a><a href=\"https:\/\/sosve.lu\/en\/area\/nutrition-health\/\" rel=\"tag\">Nutrition and health<\/a><a href=\"https:\/\/sosve.lu\/en\/area\/pacope\/\" rel=\"tag\">PACOPE-SPE<\/a><a href=\"https:\/\/sosve.lu\/en\/area\/protection-gender-equality\/\" rel=\"tag\">Protection and gender equality<\/a><a href=\"https:\/\/sosve.lu\/en\/area\/development-aid\/\" rel=\"tag\">Support for key people involved in child protection<\/a><a href=\"https:\/\/sosve.lu\/en\/area\/youth-employability\/\" rel=\"tag\">Youth employability<\/a><\/div>\n\n\n<\/div>\n          <\/div>\n          <\/div>\n          <\/article>\n      \n    \n    \n            <article class=\"post col-md-6 col-12 mb-30\">\n                    <div class=\"row m-0 \">\n                        <div class=\"col-12 p-0\">\n        <a href=\"https:\/\/sosve.lu\/en\/project\/support-for-nzerekore-communities\/\"><div class=\"col-12 thumbnail\" style=\"background-image:url('https:\/\/sosve.lu\/wp-content\/uploads\/2020\/09\/zerekore-header.jpg')\"><\/div>\n        <\/a>\n        <div class=\"col-12 p-30 d-flex flex-column align-items-stretch\">\n          <h2>\n                        <a href=\"https:\/\/sosve.lu\/en\/project\/support-for-nzerekore-communities\/\">Support for N&#8217;Z\u00e9r\u00e9kor\u00e9 communities<\/a>\n          <\/h2>\n\n          \n                          \n             \n                                       \n                                       \n             <div class=\"localisation-ico d-flex align-items-center mt-10\">Guinea &#8211; N&#8217;Z\u00e9r\u00e9kor\u00e9<\/div><div class=\"button category mt-15\"><a href=\"https:\/\/sosve.lu\/en\/area\/education-en\/\" rel=\"tag\">Education<\/a><a href=\"https:\/\/sosve.lu\/en\/area\/nutrition-health\/\" rel=\"tag\">Nutrition and health<\/a><a href=\"https:\/\/sosve.lu\/en\/area\/pacope\/\" rel=\"tag\">PACOPE-SPE<\/a><a href=\"https:\/\/sosve.lu\/en\/area\/protection-gender-equality\/\" rel=\"tag\">Protection and gender equality<\/a><a href=\"https:\/\/sosve.lu\/en\/area\/development-aid\/\" rel=\"tag\">Support for key people involved in child protection<\/a><a href=\"https:\/\/sosve.lu\/en\/area\/youth-employability\/\" rel=\"tag\">Youth employability<\/a><\/div>\n\n\n<\/div>\n          <\/div>\n          <\/div>\n          <\/article>\n      \n    \n    \n            <article class=\"post col-md-6 col-12 mb-30\">\n                    <div class=\"row m-0 \">\n                        <div class=\"col-12 p-0\">\n        <a href=\"https:\/\/sosve.lu\/en\/project\/support-for-louga-communities\/\"><div class=\"col-12 thumbnail\" style=\"background-image:url('https:\/\/sosve.lu\/wp-content\/uploads\/2020\/09\/WEB1-1-8.jpg')\"><\/div>\n        <\/a>\n        <div class=\"col-12 p-30 d-flex flex-column align-items-stretch\">\n          <h2>\n                        <a href=\"https:\/\/sosve.lu\/en\/project\/support-for-louga-communities\/\">Support for Louga communities<\/a>\n          <\/h2>\n\n          \n                          \n             \n                                       \n                                       \n             <div class=\"localisation-ico d-flex align-items-center mt-10\">Senegal &#8211; Louga<\/div><div class=\"button category mt-15\"><a href=\"https:\/\/sosve.lu\/en\/area\/education-en\/\" rel=\"tag\">Education<\/a><a href=\"https:\/\/sosve.lu\/en\/area\/nutrition-health\/\" rel=\"tag\">Nutrition and health<\/a><a href=\"https:\/\/sosve.lu\/en\/area\/pacope\/\" rel=\"tag\">PACOPE-SPE<\/a><a href=\"https:\/\/sosve.lu\/en\/area\/protection-gender-equality\/\" rel=\"tag\">Protection and gender equality<\/a><a href=\"https:\/\/sosve.lu\/en\/area\/development-aid\/\" rel=\"tag\">Support for key people involved in child protection<\/a><a href=\"https:\/\/sosve.lu\/en\/area\/youth-employability\/\" rel=\"tag\">Youth employability<\/a><\/div>\n\n\n<\/div>\n          <\/div>\n          <\/div>\n          <\/article>\n      \n    \n    \n            <article class=\"post col-md-6 col-12 mb-30\">\n                    <div class=\"row m-0 \">\n                        <div class=\"col-12 p-0\">\n        <a href=\"https:\/\/sosve.lu\/en\/project\/support-for-labe-communities\/\"><div class=\"col-12 thumbnail\" style=\"background-image:url('https:\/\/sosve.lu\/wp-content\/uploads\/2021\/08\/2021-05-21_Labe_Guinea-103294_sosarchives.jpg')\"><\/div>\n        <\/a>\n        <div class=\"col-12 p-30 d-flex flex-column align-items-stretch\">\n          <h2>\n                        <a href=\"https:\/\/sosve.lu\/en\/project\/support-for-labe-communities\/\">Support for Lab\u00e9 communities<\/a>\n          <\/h2>\n\n          \n                          \n             \n                                       \n                                       \n             <div class=\"localisation-ico d-flex align-items-center mt-10\">Guinea &#8211; Lab\u00e9<\/div><div class=\"button category mt-15\"><a href=\"https:\/\/sosve.lu\/en\/area\/education-en\/\" rel=\"tag\">Education<\/a><a href=\"https:\/\/sosve.lu\/en\/area\/nutrition-health\/\" rel=\"tag\">Nutrition and health<\/a><a href=\"https:\/\/sosve.lu\/en\/area\/pacope\/\" rel=\"tag\">PACOPE-SPE<\/a><a href=\"https:\/\/sosve.lu\/en\/area\/protection-gender-equality\/\" rel=\"tag\">Protection and gender equality<\/a><a href=\"https:\/\/sosve.lu\/en\/area\/development-aid\/\" rel=\"tag\">Support for key people involved in child protection<\/a><a href=\"https:\/\/sosve.lu\/en\/area\/youth-employability\/\" rel=\"tag\">Youth employability<\/a><\/div>\n\n\n<\/div>\n          <\/div>\n          <\/div>\n          <\/article>\n      \n    \n    \n        \n          \n   <\/div><\/div>\n                    \n                              \n\n\n\n","protected":false},"excerpt":{"rendered":"<p>As we begin this new year, we would like to express our heartfelt thanks for standing by us in 2025 and helping to build a better world for children. Current events are urgent and full of challenges, but thanks to you and your wonderful spirit of solidarity, we remain committed wherever vulnerable children need us [&hellip;]<\/p>\n","protected":false},"author":12,"featured_media":9842933,"comment_status":"closed","ping_status":"closed","sticky":false,"template":"","format":"standard","meta":{"_acf_changed":false,"inline_featured_image":false,"footnotes":""},"categories":[1],"tags":[],"class_list":["post-9842945","post","type-post","status-publish","format-standard","has-post-thumbnail","hentry","category-non-classifiee"],"acf":[],"yoast_head":"<!-- This site is optimized with the Yoast SEO plugin v27.5 - https:\/\/yoast.com\/product\/yoast-seo-wordpress\/ -->\n<title>Thank you to all our donors, sponsors and SOS friends! - SOS Villages d\u2019Enfants Monde<\/title>\n<meta name=\"robots\" content=\"index, follow, max-snippet:-1, max-image-preview:large, max-video-preview:-1\" \/>\n<link rel=\"canonical\" href=\"https:\/\/sosve.lu\/merci-a-tous-nos-donateurs-parrains-et-amis-sos\/\" \/>\n<meta property=\"og:locale\" content=\"en_US\" \/>\n<meta property=\"og:type\" content=\"article\" \/>\n<meta property=\"og:title\" content=\"Thank you to all our donors, sponsors and SOS friends! - SOS Villages d\u2019Enfants Monde\" \/>\n<meta property=\"og:description\" content=\"As we begin this new year, we would like to express our heartfelt thanks for standing by us in 2025 and helping to build a better world for children. Current events are urgent and full of challenges, but thanks to you and your wonderful spirit of solidarity, we remain committed wherever vulnerable children need us [&hellip;]\" \/>\n<meta property=\"og:url\" content=\"https:\/\/sosve.lu\/merci-a-tous-nos-donateurs-parrains-et-amis-sos\/\" \/>\n<meta property=\"og:site_name\" content=\"SOS Villages d\u2019Enfants Monde\" \/>\n<meta property=\"article:publisher\" content=\"https:\/\/www.facebook.com\/sosvemlux\/\" \/>\n<meta property=\"article:published_time\" content=\"2026-01-13T15:14:48+00:00\" \/>\n<meta property=\"article:modified_time\" content=\"2026-01-13T15:36:01+00:00\" \/>\n<meta property=\"og:image\" content=\"https:\/\/sosve.lu\/wp-content\/uploads\/2026\/01\/BANNER-PAGE-Merci-a-nos-donateurs-scaled.jpg\" \/>\n\t<meta property=\"og:image:width\" content=\"2560\" \/>\n\t<meta property=\"og:image:height\" content=\"620\" \/>\n\t<meta property=\"og:image:type\" content=\"image\/jpeg\" \/>\n<meta name=\"author\" content=\"Lisa Forrler\" \/>\n<meta name=\"twitter:card\" content=\"summary_large_image\" \/>\n<meta name=\"twitter:label1\" content=\"Written by\" \/>\n\t<meta name=\"twitter:data1\" content=\"Lisa Forrler\" \/>\n\t<meta name=\"twitter:label2\" content=\"Est. reading time\" \/>\n\t<meta name=\"twitter:data2\" content=\"1 minute\" \/>\n<script type=\"application\/ld+json\" class=\"yoast-schema-graph\">{\"@context\":\"https:\\\/\\\/schema.org\",\"@graph\":[{\"@type\":\"Article\",\"@id\":\"https:\\\/\\\/sosve.lu\\\/merci-a-tous-nos-donateurs-parrains-et-amis-sos\\\/#article\",\"isPartOf\":{\"@id\":\"https:\\\/\\\/sosve.lu\\\/merci-a-tous-nos-donateurs-parrains-et-amis-sos\\\/\"},\"author\":{\"name\":\"Lisa Forrler\",\"@id\":\"https:\\\/\\\/sosve.lu\\\/#\\\/schema\\\/person\\\/4cdbfd496f2c6982e192749d2c8ec1fc\"},\"headline\":\"Thank you to all our donors, sponsors and SOS friends!\",\"datePublished\":\"2026-01-13T15:14:48+00:00\",\"dateModified\":\"2026-01-13T15:36:01+00:00\",\"mainEntityOfPage\":{\"@id\":\"https:\\\/\\\/sosve.lu\\\/merci-a-tous-nos-donateurs-parrains-et-amis-sos\\\/\"},\"wordCount\":109,\"publisher\":{\"@id\":\"https:\\\/\\\/sosve.lu\\\/#organization\"},\"image\":{\"@id\":\"https:\\\/\\\/sosve.lu\\\/merci-a-tous-nos-donateurs-parrains-et-amis-sos\\\/#primaryimage\"},\"thumbnailUrl\":\"https:\\\/\\\/sosve.lu\\\/wp-content\\\/uploads\\\/2026\\\/01\\\/BANNER-PAGE-Merci-a-nos-donateurs-scaled.jpg\",\"articleSection\":[\"Non classifi\u00e9(e)\"],\"inLanguage\":\"en-US\"},{\"@type\":\"WebPage\",\"@id\":\"https:\\\/\\\/sosve.lu\\\/merci-a-tous-nos-donateurs-parrains-et-amis-sos\\\/\",\"url\":\"https:\\\/\\\/sosve.lu\\\/merci-a-tous-nos-donateurs-parrains-et-amis-sos\\\/\",\"name\":\"Thank you to all our donors, sponsors and SOS friends! - SOS Villages d\u2019Enfants Monde\",\"isPartOf\":{\"@id\":\"https:\\\/\\\/sosve.lu\\\/#website\"},\"primaryImageOfPage\":{\"@id\":\"https:\\\/\\\/sosve.lu\\\/merci-a-tous-nos-donateurs-parrains-et-amis-sos\\\/#primaryimage\"},\"image\":{\"@id\":\"https:\\\/\\\/sosve.lu\\\/merci-a-tous-nos-donateurs-parrains-et-amis-sos\\\/#primaryimage\"},\"thumbnailUrl\":\"https:\\\/\\\/sosve.lu\\\/wp-content\\\/uploads\\\/2026\\\/01\\\/BANNER-PAGE-Merci-a-nos-donateurs-scaled.jpg\",\"datePublished\":\"2026-01-13T15:14:48+00:00\",\"dateModified\":\"2026-01-13T15:36:01+00:00\",\"inLanguage\":\"en-US\",\"potentialAction\":[{\"@type\":\"ReadAction\",\"target\":[\"https:\\\/\\\/sosve.lu\\\/merci-a-tous-nos-donateurs-parrains-et-amis-sos\\\/\"]}]},{\"@type\":\"ImageObject\",\"inLanguage\":\"en-US\",\"@id\":\"https:\\\/\\\/sosve.lu\\\/merci-a-tous-nos-donateurs-parrains-et-amis-sos\\\/#primaryimage\",\"url\":\"https:\\\/\\\/sosve.lu\\\/wp-content\\\/uploads\\\/2026\\\/01\\\/BANNER-PAGE-Merci-a-nos-donateurs-scaled.jpg\",\"contentUrl\":\"https:\\\/\\\/sosve.lu\\\/wp-content\\\/uploads\\\/2026\\\/01\\\/BANNER-PAGE-Merci-a-nos-donateurs-scaled.jpg\",\"width\":2560,\"height\":620},{\"@type\":\"WebSite\",\"@id\":\"https:\\\/\\\/sosve.lu\\\/#website\",\"url\":\"https:\\\/\\\/sosve.lu\\\/\",\"name\":\"SOS Villages d\u2019Enfants Monde\",\"description\":\"Soutenez SOSVE par un Don\u200e\",\"publisher\":{\"@id\":\"https:\\\/\\\/sosve.lu\\\/#organization\"},\"potentialAction\":[{\"@type\":\"SearchAction\",\"target\":{\"@type\":\"EntryPoint\",\"urlTemplate\":\"https:\\\/\\\/sosve.lu\\\/?s={search_term_string}\"},\"query-input\":{\"@type\":\"PropertyValueSpecification\",\"valueRequired\":true,\"valueName\":\"search_term_string\"}}],\"inLanguage\":\"en-US\"},{\"@type\":\"Organization\",\"@id\":\"https:\\\/\\\/sosve.lu\\\/#organization\",\"name\":\"SOS Villages d'Enfants Luxembourg\",\"url\":\"https:\\\/\\\/sosve.lu\\\/\",\"logo\":{\"@type\":\"ImageObject\",\"inLanguage\":\"en-US\",\"@id\":\"https:\\\/\\\/sosve.lu\\\/#\\\/schema\\\/logo\\\/image\\\/\",\"url\":\"https:\\\/\\\/sosve.lu\\\/wp-content\\\/uploads\\\/2020\\\/04\\\/SOS_Logo.svg\",\"contentUrl\":\"https:\\\/\\\/sosve.lu\\\/wp-content\\\/uploads\\\/2020\\\/04\\\/SOS_Logo.svg\",\"width\":\"1024\",\"height\":\"1024\",\"caption\":\"SOS Villages d'Enfants Luxembourg\"},\"image\":{\"@id\":\"https:\\\/\\\/sosve.lu\\\/#\\\/schema\\\/logo\\\/image\\\/\"},\"sameAs\":[\"https:\\\/\\\/www.facebook.com\\\/sosvemlux\\\/\",\"https:\\\/\\\/www.instagram.com\\\/sosvillagesdenfantsmonde\\\/\",\"https:\\\/\\\/lu.linkedin.com\\\/in\\\/sosvem\"]},{\"@type\":\"Person\",\"@id\":\"https:\\\/\\\/sosve.lu\\\/#\\\/schema\\\/person\\\/4cdbfd496f2c6982e192749d2c8ec1fc\",\"name\":\"Lisa Forrler\",\"image\":{\"@type\":\"ImageObject\",\"inLanguage\":\"en-US\",\"@id\":\"https:\\\/\\\/secure.gravatar.com\\\/avatar\\\/0b0e4c33579c67742abfab08666da70a2b26c15b515e1fda5fa8ef8372ed8322?s=96&d=mm&r=g\",\"url\":\"https:\\\/\\\/secure.gravatar.com\\\/avatar\\\/0b0e4c33579c67742abfab08666da70a2b26c15b515e1fda5fa8ef8372ed8322?s=96&d=mm&r=g\",\"contentUrl\":\"https:\\\/\\\/secure.gravatar.com\\\/avatar\\\/0b0e4c33579c67742abfab08666da70a2b26c15b515e1fda5fa8ef8372ed8322?s=96&d=mm&r=g\",\"caption\":\"Lisa Forrler\"},\"url\":\"https:\\\/\\\/sosve.lu\\\/en\\\/author\\\/lisa\\\/\"}]}<\/script>\n<!-- \/ Yoast SEO plugin. -->","yoast_head_json":{"title":"Thank you to all our donors, sponsors and SOS friends! - SOS Villages d\u2019Enfants Monde","robots":{"index":"index","follow":"follow","max-snippet":"max-snippet:-1","max-image-preview":"max-image-preview:large","max-video-preview":"max-video-preview:-1"},"canonical":"https:\/\/sosve.lu\/merci-a-tous-nos-donateurs-parrains-et-amis-sos\/","og_locale":"en_US","og_type":"article","og_title":"Thank you to all our donors, sponsors and SOS friends! - SOS Villages d\u2019Enfants Monde","og_description":"As we begin this new year, we would like to express our heartfelt thanks for standing by us in 2025 and helping to build a better world for children. Current events are urgent and full of challenges, but thanks to you and your wonderful spirit of solidarity, we remain committed wherever vulnerable children need us [&hellip;]","og_url":"https:\/\/sosve.lu\/merci-a-tous-nos-donateurs-parrains-et-amis-sos\/","og_site_name":"SOS Villages d\u2019Enfants Monde","article_publisher":"https:\/\/www.facebook.com\/sosvemlux\/","article_published_time":"2026-01-13T15:14:48+00:00","article_modified_time":"2026-01-13T15:36:01+00:00","og_image":[{"width":2560,"height":620,"url":"https:\/\/sosve.lu\/wp-content\/uploads\/2026\/01\/BANNER-PAGE-Merci-a-nos-donateurs-scaled.jpg","type":"image\/jpeg"}],"author":"Lisa Forrler","twitter_card":"summary_large_image","twitter_misc":{"Written by":"Lisa Forrler","Est. reading time":"1 minute"},"schema":{"@context":"https:\/\/schema.org","@graph":[{"@type":"Article","@id":"https:\/\/sosve.lu\/merci-a-tous-nos-donateurs-parrains-et-amis-sos\/#article","isPartOf":{"@id":"https:\/\/sosve.lu\/merci-a-tous-nos-donateurs-parrains-et-amis-sos\/"},"author":{"name":"Lisa Forrler","@id":"https:\/\/sosve.lu\/#\/schema\/person\/4cdbfd496f2c6982e192749d2c8ec1fc"},"headline":"Thank you to all our donors, sponsors and SOS friends!","datePublished":"2026-01-13T15:14:48+00:00","dateModified":"2026-01-13T15:36:01+00:00","mainEntityOfPage":{"@id":"https:\/\/sosve.lu\/merci-a-tous-nos-donateurs-parrains-et-amis-sos\/"},"wordCount":109,"publisher":{"@id":"https:\/\/sosve.lu\/#organization"},"image":{"@id":"https:\/\/sosve.lu\/merci-a-tous-nos-donateurs-parrains-et-amis-sos\/#primaryimage"},"thumbnailUrl":"https:\/\/sosve.lu\/wp-content\/uploads\/2026\/01\/BANNER-PAGE-Merci-a-nos-donateurs-scaled.jpg","articleSection":["Non classifi\u00e9(e)"],"inLanguage":"en-US"},{"@type":"WebPage","@id":"https:\/\/sosve.lu\/merci-a-tous-nos-donateurs-parrains-et-amis-sos\/","url":"https:\/\/sosve.lu\/merci-a-tous-nos-donateurs-parrains-et-amis-sos\/","name":"Thank you to all our donors, sponsors and SOS friends! - SOS Villages d\u2019Enfants Monde","isPartOf":{"@id":"https:\/\/sosve.lu\/#website"},"primaryImageOfPage":{"@id":"https:\/\/sosve.lu\/merci-a-tous-nos-donateurs-parrains-et-amis-sos\/#primaryimage"},"image":{"@id":"https:\/\/sosve.lu\/merci-a-tous-nos-donateurs-parrains-et-amis-sos\/#primaryimage"},"thumbnailUrl":"https:\/\/sosve.lu\/wp-content\/uploads\/2026\/01\/BANNER-PAGE-Merci-a-nos-donateurs-scaled.jpg","datePublished":"2026-01-13T15:14:48+00:00","dateModified":"2026-01-13T15:36:01+00:00","inLanguage":"en-US","potentialAction":[{"@type":"ReadAction","target":["https:\/\/sosve.lu\/merci-a-tous-nos-donateurs-parrains-et-amis-sos\/"]}]},{"@type":"ImageObject","inLanguage":"en-US","@id":"https:\/\/sosve.lu\/merci-a-tous-nos-donateurs-parrains-et-amis-sos\/#primaryimage","url":"https:\/\/sosve.lu\/wp-content\/uploads\/2026\/01\/BANNER-PAGE-Merci-a-nos-donateurs-scaled.jpg","contentUrl":"https:\/\/sosve.lu\/wp-content\/uploads\/2026\/01\/BANNER-PAGE-Merci-a-nos-donateurs-scaled.jpg","width":2560,"height":620},{"@type":"WebSite","@id":"https:\/\/sosve.lu\/#website","url":"https:\/\/sosve.lu\/","name":"SOS Villages d\u2019Enfants Monde","description":"Soutenez SOSVE par un Don\u200e","publisher":{"@id":"https:\/\/sosve.lu\/#organization"},"potentialAction":[{"@type":"SearchAction","target":{"@type":"EntryPoint","urlTemplate":"https:\/\/sosve.lu\/?s={search_term_string}"},"query-input":{"@type":"PropertyValueSpecification","valueRequired":true,"valueName":"search_term_string"}}],"inLanguage":"en-US"},{"@type":"Organization","@id":"https:\/\/sosve.lu\/#organization","name":"SOS Villages d'Enfants Luxembourg","url":"https:\/\/sosve.lu\/","logo":{"@type":"ImageObject","inLanguage":"en-US","@id":"https:\/\/sosve.lu\/#\/schema\/logo\/image\/","url":"https:\/\/sosve.lu\/wp-content\/uploads\/2020\/04\/SOS_Logo.svg","contentUrl":"https:\/\/sosve.lu\/wp-content\/uploads\/2020\/04\/SOS_Logo.svg","width":"1024","height":"1024","caption":"SOS Villages d'Enfants Luxembourg"},"image":{"@id":"https:\/\/sosve.lu\/#\/schema\/logo\/image\/"},"sameAs":["https:\/\/www.facebook.com\/sosvemlux\/","https:\/\/www.instagram.com\/sosvillagesdenfantsmonde\/","https:\/\/lu.linkedin.com\/in\/sosvem"]},{"@type":"Person","@id":"https:\/\/sosve.lu\/#\/schema\/person\/4cdbfd496f2c6982e192749d2c8ec1fc","name":"Lisa Forrler","image":{"@type":"ImageObject","inLanguage":"en-US","@id":"https:\/\/secure.gravatar.com\/avatar\/0b0e4c33579c67742abfab08666da70a2b26c15b515e1fda5fa8ef8372ed8322?s=96&d=mm&r=g","url":"https:\/\/secure.gravatar.com\/avatar\/0b0e4c33579c67742abfab08666da70a2b26c15b515e1fda5fa8ef8372ed8322?s=96&d=mm&r=g","contentUrl":"https:\/\/secure.gravatar.com\/avatar\/0b0e4c33579c67742abfab08666da70a2b26c15b515e1fda5fa8ef8372ed8322?s=96&d=mm&r=g","caption":"Lisa Forrler"},"url":"https:\/\/sosve.lu\/en\/author\/lisa\/"}]}},"_links":{"self":[{"href":"https:\/\/sosve.lu\/en\/wp-json\/wp\/v2\/posts\/9842945","targetHints":{"allow":["GET"]}}],"collection":[{"href":"https:\/\/sosve.lu\/en\/wp-json\/wp\/v2\/posts"}],"about":[{"href":"https:\/\/sosve.lu\/en\/wp-json\/wp\/v2\/types\/post"}],"author":[{"embeddable":true,"href":"https:\/\/sosve.lu\/en\/wp-json\/wp\/v2\/users\/12"}],"replies":[{"embeddable":true,"href":"https:\/\/sosve.lu\/en\/wp-json\/wp\/v2\/comments?post=9842945"}],"version-history":[{"count":1,"href":"https:\/\/sosve.lu\/en\/wp-json\/wp\/v2\/posts\/9842945\/revisions"}],"predecessor-version":[{"id":9842946,"href":"https:\/\/sosve.lu\/en\/wp-json\/wp\/v2\/posts\/9842945\/revisions\/9842946"}],"wp:featuredmedia":[{"embeddable":true,"href":"https:\/\/sosve.lu\/en\/wp-json\/wp\/v2\/media\/9842933"}],"wp:attachment":[{"href":"https:\/\/sosve.lu\/en\/wp-json\/wp\/v2\/media?parent=9842945"}],"wp:term":[{"taxonomy":"category","embeddable":true,"href":"https:\/\/sosve.lu\/en\/wp-json\/wp\/v2\/categories?post=9842945"},{"taxonomy":"post_tag","embeddable":true,"href":"https:\/\/sosve.lu\/en\/wp-json\/wp\/v2\/tags?post=9842945"}],"curies":[{"name":"wp","href":"https:\/\/api.w.org\/{rel}","templated":true}]}}