{"id":9842529,"date":"2025-11-05T16:22:06","date_gmt":"2025-11-05T15:22:06","guid":{"rendered":"https:\/\/sosve.lu\/concert-de-gala-2025-philharmonie-luxembourg\/"},"modified":"2025-11-11T09:34:12","modified_gmt":"2025-11-11T08:34:12","slug":"concert-de-gala-2025-philharmonie-luxembourg","status":"publish","type":"post","link":"https:\/\/sosve.lu\/en\/concert-de-gala-2025-philharmonie-luxembourg\/","title":{"rendered":"SOS Villages d&#8217;Enfants Monde Gala Concert at the Luxembourg Philharmonic"},"content":{"rendered":"\n<p class=\"has-text-color has-link-color has-medium-font-size wp-elements-8d29c952e7a2d613c4300e6cdc5a5d18\" style=\"color:#00aeef\"><strong>With the <em>Luxembourg Philharmonic<\/em>, Riccardo Minasi and Nikola Meeuwsen<\/strong><\/p>\n\n\n\n<p>On Thursday, 4 December 2025, at 7:30 p.m. in the Grand Auditorium, the Luxembourg Philharmonic will perform the 49th SOS Villages d&#8217;Enfants Monde Gala Concert.<\/p>\n\n\n<div class=\"wp-block-image\">\n<figure class=\"aligncenter size-large is-resized\"><img decoding=\"async\" width=\"1024\" height=\"576\" src=\"https:\/\/sosve.lu\/wp-content\/uploads\/2025\/11\/LinkedIn-1920x1080-ouverture-billetterie-1024x576.jpg\" alt=\"\" class=\"wp-image-9842533\" style=\"width:670px;height:auto\" srcset=\"https:\/\/sosve.lu\/wp-content\/uploads\/2025\/11\/LinkedIn-1920x1080-ouverture-billetterie-1024x576.jpg 1024w, https:\/\/sosve.lu\/wp-content\/uploads\/2025\/11\/LinkedIn-1920x1080-ouverture-billetterie-300x169.jpg 300w, https:\/\/sosve.lu\/wp-content\/uploads\/2025\/11\/LinkedIn-1920x1080-ouverture-billetterie-768x432.jpg 768w, https:\/\/sosve.lu\/wp-content\/uploads\/2025\/11\/LinkedIn-1920x1080-ouverture-billetterie-1536x864.jpg 1536w, https:\/\/sosve.lu\/wp-content\/uploads\/2025\/11\/LinkedIn-1920x1080-ouverture-billetterie-2048x1152.jpg 2048w, https:\/\/sosve.lu\/wp-content\/uploads\/2025\/11\/LinkedIn-1920x1080-ouverture-billetterie-600x338.jpg 600w\" sizes=\"(max-width: 1024px) 100vw, 1024px\" \/><\/figure>\n<\/div>\n\n\n<p>For the past 10 years, this concert has welcomed the first prize winner of the prestigious Queen Elisabeth International Competition as soloist. This year, it is the young Dutch pianist Nikola Meeuwsen, born in 2002 in The Hague, whose talent was recognised at a very young age (winner of the Steinway Competition at the age of nine, Concertgebouw Young Talent Award 2019). Trained at the famous Accademia Pianistica in Imola (Marlies van Gent, Enrico Pace), he has been artist in residence at the Queen Elisabeth Music Chapel (Frank Braley, Avedis Kouyoumdjian) since 2022.<\/p>\n\n\n\n<p>For the Luxembourg audience, he will perform Sergei Prokofiev&#8217;s \u2018volcanic\u2019 Piano Concerto No. 2 in the first half of the evening, a work he played in the final of the Queen Elisabeth Competition.<\/p>\n\n\n\n<p>The Luxembourg Philharmonic will be conducted by the renowned Italian conductor Riccardo Minasi, who is also a violinist and one of the most promising talents on the European classical music scene. Since 2022, he has been the principal guest conductor of Ensemble Resonanz, one of the world&#8217;s finest chamber orchestras, which combines classical and contemporary music in lively performances at the Elbphilharmonie in Hamburg.<\/p>\n\n\n\n<p>After the interval, the atmosphere at the Philharmonie will change completely with Ludwig van Beethoven&#8217;s Symphony No. 6, \u2018Pastoral\u2019, a true ode to nature, performed by the orchestra.<\/p>\n\n\n\n<p>The proceeds from the evening, organised with the generous support of EY, will go to vulnerable children, young people and families in Guinea, notably through development programmes* focused on children&#8217;s and young people&#8217;s rights and employability. These programmes are implemented in four regions\/localities (Conakry, Kankan, Lab\u00e9 and N&#8217;Z\u00e9r\u00e9kor\u00e9) by SOS Children&#8217;s Villages in Guinea, which has been present in the country for 40 years.<\/p>\n\n\n\n<div style=\"height:45px\" aria-hidden=\"true\" class=\"wp-block-spacer\"><\/div>\n\n\n\n\n\n\n\n\n\n\n\n\n       \n<div class=\"site_list_post projets_list col-12 p-0\">\n<div class=\"d-flex row\">\n\t\n\n\t<p class=\"mb-5 d-block w-100 \"><\/p> \n\t\n\t\n\t\n\t\t\n\t\t\n                <article class=\"post col-md-6 col-12 mb-30\">\n                    <div class=\"row m-0 \">\n                        <div class=\"col-12 p-0\">\n        <a href=\"https:\/\/sosve.lu\/en\/project\/support-for-nzerekore-communities\/\"><div class=\"col-12 thumbnail\" style=\"background-image:url('https:\/\/sosve.lu\/wp-content\/uploads\/2020\/09\/zerekore-header.jpg')\"><\/div>\n        <\/a>\n        <div class=\"col-12 p-30 d-flex flex-column align-items-stretch\">\n          <h2>\n                        <a href=\"https:\/\/sosve.lu\/en\/project\/support-for-nzerekore-communities\/\">Support for N&#8217;Z\u00e9r\u00e9kor\u00e9 communities<\/a>\n          <\/h2>\n\n          \n                          \n             \n                                       \n                                       \n             <div class=\"localisation-ico d-flex align-items-center mt-10\">Guinea &#8211; N&#8217;Z\u00e9r\u00e9kor\u00e9<\/div><div class=\"button category mt-15\"><a href=\"https:\/\/sosve.lu\/en\/area\/education-en\/\" rel=\"tag\">Education<\/a><a href=\"https:\/\/sosve.lu\/en\/area\/nutrition-health\/\" rel=\"tag\">Nutrition and health<\/a><a href=\"https:\/\/sosve.lu\/en\/area\/pacope\/\" rel=\"tag\">PACOPE-SPE<\/a><a href=\"https:\/\/sosve.lu\/en\/area\/protection-gender-equality\/\" rel=\"tag\">Protection and gender equality<\/a><a href=\"https:\/\/sosve.lu\/en\/area\/development-aid\/\" rel=\"tag\">Support for key people involved in child protection<\/a><a href=\"https:\/\/sosve.lu\/en\/area\/youth-employability\/\" rel=\"tag\">Youth employability<\/a><\/div>\n\n\n<\/div>\n          <\/div>\n          <\/div>\n          <\/article>\n      \n    \n    \n            <article class=\"post col-md-6 col-12 mb-30\">\n                    <div class=\"row m-0 \">\n                        <div class=\"col-12 p-0\">\n        <a href=\"https:\/\/sosve.lu\/en\/project\/support-for-labe-communities\/\"><div class=\"col-12 thumbnail\" style=\"background-image:url('https:\/\/sosve.lu\/wp-content\/uploads\/2021\/08\/2021-05-21_Labe_Guinea-103294_sosarchives.jpg')\"><\/div>\n        <\/a>\n        <div class=\"col-12 p-30 d-flex flex-column align-items-stretch\">\n          <h2>\n                        <a href=\"https:\/\/sosve.lu\/en\/project\/support-for-labe-communities\/\">Support for Lab\u00e9 communities<\/a>\n          <\/h2>\n\n          \n                          \n             \n                                       \n                                       \n             <div class=\"localisation-ico d-flex align-items-center mt-10\">Guinea &#8211; Lab\u00e9<\/div><div class=\"button category mt-15\"><a href=\"https:\/\/sosve.lu\/en\/area\/education-en\/\" rel=\"tag\">Education<\/a><a href=\"https:\/\/sosve.lu\/en\/area\/nutrition-health\/\" rel=\"tag\">Nutrition and health<\/a><a href=\"https:\/\/sosve.lu\/en\/area\/pacope\/\" rel=\"tag\">PACOPE-SPE<\/a><a href=\"https:\/\/sosve.lu\/en\/area\/protection-gender-equality\/\" rel=\"tag\">Protection and gender equality<\/a><a href=\"https:\/\/sosve.lu\/en\/area\/development-aid\/\" rel=\"tag\">Support for key people involved in child protection<\/a><a href=\"https:\/\/sosve.lu\/en\/area\/youth-employability\/\" rel=\"tag\">Youth employability<\/a><\/div>\n\n\n<\/div>\n          <\/div>\n          <\/div>\n          <\/article>\n      \n    \n    \n            <article class=\"post col-md-6 col-12 mb-30\">\n                    <div class=\"row m-0 \">\n                        <div class=\"col-12 p-0\">\n        <a href=\"https:\/\/sosve.lu\/en\/project\/support-for-kankan-communities\/\"><div class=\"col-12 thumbnail\" style=\"background-image:url('https:\/\/sosve.lu\/wp-content\/uploads\/2020\/09\/Guinea_Kankan@Claire_Ladavicius_58961.jpg')\"><\/div>\n        <\/a>\n        <div class=\"col-12 p-30 d-flex flex-column align-items-stretch\">\n          <h2>\n                        <a href=\"https:\/\/sosve.lu\/en\/project\/support-for-kankan-communities\/\">Support for Kankan communities<\/a>\n          <\/h2>\n\n          \n                          \n             \n                                       \n                                       \n             <div class=\"localisation-ico d-flex align-items-center mt-10\">Guinea &#8211; Kankan<\/div><div class=\"button category mt-15\"><a href=\"https:\/\/sosve.lu\/en\/area\/education-en\/\" rel=\"tag\">Education<\/a><a href=\"https:\/\/sosve.lu\/en\/area\/nutrition-health\/\" rel=\"tag\">Nutrition and health<\/a><a href=\"https:\/\/sosve.lu\/en\/area\/pacope\/\" rel=\"tag\">PACOPE-SPE<\/a><a href=\"https:\/\/sosve.lu\/en\/area\/protection-gender-equality\/\" rel=\"tag\">Protection and gender equality<\/a><a href=\"https:\/\/sosve.lu\/en\/area\/development-aid\/\" rel=\"tag\">Support for key people involved in child protection<\/a><a href=\"https:\/\/sosve.lu\/en\/area\/youth-employability\/\" rel=\"tag\">Youth employability<\/a><\/div>\n\n\n<\/div>\n          <\/div>\n          <\/div>\n          <\/article>\n      \n    \n    \n            <article class=\"post col-md-6 col-12 mb-30\">\n                    <div class=\"row m-0 \">\n                        <div class=\"col-12 p-0\">\n        <a href=\"https:\/\/sosve.lu\/en\/project\/support-for-conakry-communities\/\"><div class=\"col-12 thumbnail\" style=\"background-image:url('')\"><\/div>\n        <\/a>\n        <div class=\"col-12 p-30 d-flex flex-column align-items-stretch\">\n          <h2>\n                        <a href=\"https:\/\/sosve.lu\/en\/project\/support-for-conakry-communities\/\">Support for Conakry communities<\/a>\n          <\/h2>\n\n          \n                          \n             \n                                       \n             <div class=\"localisation-ico d-flex align-items-center mt-10\">Guinea &#8211; Conakry<\/div><div class=\"button category mt-15\"><a href=\"https:\/\/sosve.lu\/en\/area\/education-en\/\" rel=\"tag\">Education<\/a><a href=\"https:\/\/sosve.lu\/en\/area\/nutrition-health\/\" rel=\"tag\">Nutrition and health<\/a><a href=\"https:\/\/sosve.lu\/en\/area\/pacope\/\" rel=\"tag\">PACOPE-SPE<\/a><a href=\"https:\/\/sosve.lu\/en\/area\/protection-gender-equality\/\" rel=\"tag\">Protection and gender equality<\/a><a href=\"https:\/\/sosve.lu\/en\/area\/development-aid\/\" rel=\"tag\">Support for key people involved in child protection<\/a><a href=\"https:\/\/sosve.lu\/en\/area\/youth-employability\/\" rel=\"tag\">Youth employability<\/a><\/div>\n\n\n<\/div>\n          <\/div>\n          <\/div>\n          <\/article>\n      \n    \n    \n        \n          \n   <\/div><\/div>\n                    \n                              \n\n\n\n\n\n\n<div style=\"height:45px\" aria-hidden=\"true\" class=\"wp-block-spacer\"><\/div>\n\n\n\n<p><\/p>\n","protected":false},"excerpt":{"rendered":"<p>With the Luxembourg Philharmonic, Riccardo Minasi and Nikola Meeuwsen On Thursday, 4 December 2025, at 7:30 p.m. in the Grand Auditorium, the Luxembourg Philharmonic will perform the 49th SOS Villages d&#8217;Enfants Monde Gala Concert. For the past 10 years, this concert has welcomed the first prize winner of the prestigious Queen Elisabeth International Competition as [&hellip;]<\/p>\n","protected":false},"author":14,"featured_media":9842481,"comment_status":"closed","ping_status":"closed","sticky":false,"template":"","format":"standard","meta":{"_acf_changed":false,"inline_featured_image":false,"footnotes":""},"categories":[617,1,619],"tags":[],"class_list":["post-9842529","post","type-post","status-publish","format-standard","has-post-thumbnail","hentry","category-events","category-non-classifiee","category-our-projects"],"acf":[],"yoast_head":"<!-- This site is optimized with the Yoast SEO plugin v27.3 - https:\/\/yoast.com\/product\/yoast-seo-wordpress\/ -->\n<title>SOS Villages d&#039;Enfants Monde Gala Concert at the Luxembourg Philharmonic - SOS Villages d\u2019Enfants Monde<\/title>\n<meta name=\"description\" content=\"On Thursday, 4 December 2025, at 7:30 p.m. in the Grand Auditorium, the Luxembourg Philharmonic will perform the 49th SOS Villages d&#039;Enfants Monde Gala Concert.\" \/>\n<meta name=\"robots\" content=\"index, follow, max-snippet:-1, max-image-preview:large, max-video-preview:-1\" \/>\n<link rel=\"canonical\" href=\"https:\/\/sosve.lu\/en\/concert-de-gala-2025-philharmonie-luxembourg\/\" \/>\n<meta property=\"og:locale\" content=\"en_US\" \/>\n<meta property=\"og:type\" content=\"article\" \/>\n<meta property=\"og:title\" content=\"SOS Villages d&#039;Enfants Monde Gala Concert at the Luxembourg Philharmonic - SOS Villages d\u2019Enfants Monde\" \/>\n<meta property=\"og:description\" content=\"On Thursday, 4 December 2025, at 7:30 p.m. in the Grand Auditorium, the Luxembourg Philharmonic will perform the 49th SOS Villages d&#039;Enfants Monde Gala Concert.\" \/>\n<meta property=\"og:url\" content=\"https:\/\/sosve.lu\/en\/concert-de-gala-2025-philharmonie-luxembourg\/\" \/>\n<meta property=\"og:site_name\" content=\"SOS Villages d\u2019Enfants Monde\" \/>\n<meta property=\"article:publisher\" content=\"https:\/\/www.facebook.com\/sosvemlux\/\" \/>\n<meta property=\"article:published_time\" content=\"2025-11-05T15:22:06+00:00\" \/>\n<meta property=\"article:modified_time\" content=\"2025-11-11T08:34:12+00:00\" \/>\n<meta property=\"og:image\" content=\"https:\/\/sosve.lu\/wp-content\/uploads\/2025\/11\/Header-4954x1161-Gala-2025-2-scaled.jpg\" \/>\n\t<meta property=\"og:image:width\" content=\"2560\" \/>\n\t<meta property=\"og:image:height\" content=\"858\" \/>\n\t<meta property=\"og:image:type\" content=\"image\/jpeg\" \/>\n<meta name=\"author\" content=\"Melany Charpentier\" \/>\n<meta name=\"twitter:card\" content=\"summary_large_image\" \/>\n<meta name=\"twitter:label1\" content=\"Written by\" \/>\n\t<meta name=\"twitter:data1\" content=\"Melany Charpentier\" \/>\n\t<meta name=\"twitter:label2\" content=\"Est. reading time\" \/>\n\t<meta name=\"twitter:data2\" content=\"3 minutes\" \/>\n<script type=\"application\/ld+json\" class=\"yoast-schema-graph\">{\"@context\":\"https:\\\/\\\/schema.org\",\"@graph\":[{\"@type\":\"Article\",\"@id\":\"https:\\\/\\\/sosve.lu\\\/en\\\/concert-de-gala-2025-philharmonie-luxembourg\\\/#article\",\"isPartOf\":{\"@id\":\"https:\\\/\\\/sosve.lu\\\/en\\\/concert-de-gala-2025-philharmonie-luxembourg\\\/\"},\"author\":{\"name\":\"Melany Charpentier\",\"@id\":\"https:\\\/\\\/sosve.lu\\\/#\\\/schema\\\/person\\\/cc469c37a200508fa573448d36f1f6af\"},\"headline\":\"SOS Villages d&#8217;Enfants Monde Gala Concert at the Luxembourg Philharmonic\",\"datePublished\":\"2025-11-05T15:22:06+00:00\",\"dateModified\":\"2025-11-11T08:34:12+00:00\",\"mainEntityOfPage\":{\"@id\":\"https:\\\/\\\/sosve.lu\\\/en\\\/concert-de-gala-2025-philharmonie-luxembourg\\\/\"},\"wordCount\":319,\"publisher\":{\"@id\":\"https:\\\/\\\/sosve.lu\\\/#organization\"},\"image\":{\"@id\":\"https:\\\/\\\/sosve.lu\\\/en\\\/concert-de-gala-2025-philharmonie-luxembourg\\\/#primaryimage\"},\"thumbnailUrl\":\"https:\\\/\\\/sosve.lu\\\/wp-content\\\/uploads\\\/2025\\\/11\\\/Header-4954x1161-Gala-2025-2-scaled.jpg\",\"articleSection\":[\"Events\",\"Non classifi\u00e9(e)\",\"Our projects\"],\"inLanguage\":\"en-US\"},{\"@type\":\"WebPage\",\"@id\":\"https:\\\/\\\/sosve.lu\\\/en\\\/concert-de-gala-2025-philharmonie-luxembourg\\\/\",\"url\":\"https:\\\/\\\/sosve.lu\\\/en\\\/concert-de-gala-2025-philharmonie-luxembourg\\\/\",\"name\":\"SOS Villages d'Enfants Monde Gala Concert at the Luxembourg Philharmonic - SOS Villages d\u2019Enfants Monde\",\"isPartOf\":{\"@id\":\"https:\\\/\\\/sosve.lu\\\/#website\"},\"primaryImageOfPage\":{\"@id\":\"https:\\\/\\\/sosve.lu\\\/en\\\/concert-de-gala-2025-philharmonie-luxembourg\\\/#primaryimage\"},\"image\":{\"@id\":\"https:\\\/\\\/sosve.lu\\\/en\\\/concert-de-gala-2025-philharmonie-luxembourg\\\/#primaryimage\"},\"thumbnailUrl\":\"https:\\\/\\\/sosve.lu\\\/wp-content\\\/uploads\\\/2025\\\/11\\\/Header-4954x1161-Gala-2025-2-scaled.jpg\",\"datePublished\":\"2025-11-05T15:22:06+00:00\",\"dateModified\":\"2025-11-11T08:34:12+00:00\",\"description\":\"On Thursday, 4 December 2025, at 7:30 p.m. in the Grand Auditorium, the Luxembourg Philharmonic will perform the 49th SOS Villages d'Enfants Monde Gala Concert.\",\"inLanguage\":\"en-US\",\"potentialAction\":[{\"@type\":\"ReadAction\",\"target\":[\"https:\\\/\\\/sosve.lu\\\/en\\\/concert-de-gala-2025-philharmonie-luxembourg\\\/\"]}]},{\"@type\":\"ImageObject\",\"inLanguage\":\"en-US\",\"@id\":\"https:\\\/\\\/sosve.lu\\\/en\\\/concert-de-gala-2025-philharmonie-luxembourg\\\/#primaryimage\",\"url\":\"https:\\\/\\\/sosve.lu\\\/wp-content\\\/uploads\\\/2025\\\/11\\\/Header-4954x1161-Gala-2025-2-scaled.jpg\",\"contentUrl\":\"https:\\\/\\\/sosve.lu\\\/wp-content\\\/uploads\\\/2025\\\/11\\\/Header-4954x1161-Gala-2025-2-scaled.jpg\",\"width\":2560,\"height\":858},{\"@type\":\"WebSite\",\"@id\":\"https:\\\/\\\/sosve.lu\\\/#website\",\"url\":\"https:\\\/\\\/sosve.lu\\\/\",\"name\":\"SOS Villages d\u2019Enfants Monde\",\"description\":\"Soutenez SOSVE par un Don\u200e\",\"publisher\":{\"@id\":\"https:\\\/\\\/sosve.lu\\\/#organization\"},\"potentialAction\":[{\"@type\":\"SearchAction\",\"target\":{\"@type\":\"EntryPoint\",\"urlTemplate\":\"https:\\\/\\\/sosve.lu\\\/?s={search_term_string}\"},\"query-input\":{\"@type\":\"PropertyValueSpecification\",\"valueRequired\":true,\"valueName\":\"search_term_string\"}}],\"inLanguage\":\"en-US\"},{\"@type\":\"Organization\",\"@id\":\"https:\\\/\\\/sosve.lu\\\/#organization\",\"name\":\"SOS Villages d'Enfants Luxembourg\",\"url\":\"https:\\\/\\\/sosve.lu\\\/\",\"logo\":{\"@type\":\"ImageObject\",\"inLanguage\":\"en-US\",\"@id\":\"https:\\\/\\\/sosve.lu\\\/#\\\/schema\\\/logo\\\/image\\\/\",\"url\":\"https:\\\/\\\/sosve.lu\\\/wp-content\\\/uploads\\\/2020\\\/04\\\/SOS_Logo.svg\",\"contentUrl\":\"https:\\\/\\\/sosve.lu\\\/wp-content\\\/uploads\\\/2020\\\/04\\\/SOS_Logo.svg\",\"width\":\"1024\",\"height\":\"1024\",\"caption\":\"SOS Villages d'Enfants Luxembourg\"},\"image\":{\"@id\":\"https:\\\/\\\/sosve.lu\\\/#\\\/schema\\\/logo\\\/image\\\/\"},\"sameAs\":[\"https:\\\/\\\/www.facebook.com\\\/sosvemlux\\\/\",\"https:\\\/\\\/www.instagram.com\\\/sosvillagesdenfantsmonde\\\/\",\"https:\\\/\\\/lu.linkedin.com\\\/in\\\/sosvem\"]},{\"@type\":\"Person\",\"@id\":\"https:\\\/\\\/sosve.lu\\\/#\\\/schema\\\/person\\\/cc469c37a200508fa573448d36f1f6af\",\"name\":\"Melany Charpentier\",\"image\":{\"@type\":\"ImageObject\",\"inLanguage\":\"en-US\",\"@id\":\"https:\\\/\\\/secure.gravatar.com\\\/avatar\\\/83c5ac0026c0c0dbdfd08540de55cef69e58a3e13552acc9de33c7092ed33268?s=96&d=mm&r=g\",\"url\":\"https:\\\/\\\/secure.gravatar.com\\\/avatar\\\/83c5ac0026c0c0dbdfd08540de55cef69e58a3e13552acc9de33c7092ed33268?s=96&d=mm&r=g\",\"contentUrl\":\"https:\\\/\\\/secure.gravatar.com\\\/avatar\\\/83c5ac0026c0c0dbdfd08540de55cef69e58a3e13552acc9de33c7092ed33268?s=96&d=mm&r=g\",\"caption\":\"Melany Charpentier\"},\"url\":\"https:\\\/\\\/sosve.lu\\\/en\\\/author\\\/melany\\\/\"}]}<\/script>\n<!-- \/ Yoast SEO plugin. -->","yoast_head_json":{"title":"SOS Villages d'Enfants Monde Gala Concert at the Luxembourg Philharmonic - SOS Villages d\u2019Enfants Monde","description":"On Thursday, 4 December 2025, at 7:30 p.m. in the Grand Auditorium, the Luxembourg Philharmonic will perform the 49th SOS Villages d'Enfants Monde Gala Concert.","robots":{"index":"index","follow":"follow","max-snippet":"max-snippet:-1","max-image-preview":"max-image-preview:large","max-video-preview":"max-video-preview:-1"},"canonical":"https:\/\/sosve.lu\/en\/concert-de-gala-2025-philharmonie-luxembourg\/","og_locale":"en_US","og_type":"article","og_title":"SOS Villages d'Enfants Monde Gala Concert at the Luxembourg Philharmonic - SOS Villages d\u2019Enfants Monde","og_description":"On Thursday, 4 December 2025, at 7:30 p.m. in the Grand Auditorium, the Luxembourg Philharmonic will perform the 49th SOS Villages d'Enfants Monde Gala Concert.","og_url":"https:\/\/sosve.lu\/en\/concert-de-gala-2025-philharmonie-luxembourg\/","og_site_name":"SOS Villages d\u2019Enfants Monde","article_publisher":"https:\/\/www.facebook.com\/sosvemlux\/","article_published_time":"2025-11-05T15:22:06+00:00","article_modified_time":"2025-11-11T08:34:12+00:00","og_image":[{"width":2560,"height":858,"url":"https:\/\/sosve.lu\/wp-content\/uploads\/2025\/11\/Header-4954x1161-Gala-2025-2-scaled.jpg","type":"image\/jpeg"}],"author":"Melany Charpentier","twitter_card":"summary_large_image","twitter_misc":{"Written by":"Melany Charpentier","Est. reading time":"3 minutes"},"schema":{"@context":"https:\/\/schema.org","@graph":[{"@type":"Article","@id":"https:\/\/sosve.lu\/en\/concert-de-gala-2025-philharmonie-luxembourg\/#article","isPartOf":{"@id":"https:\/\/sosve.lu\/en\/concert-de-gala-2025-philharmonie-luxembourg\/"},"author":{"name":"Melany Charpentier","@id":"https:\/\/sosve.lu\/#\/schema\/person\/cc469c37a200508fa573448d36f1f6af"},"headline":"SOS Villages d&#8217;Enfants Monde Gala Concert at the Luxembourg Philharmonic","datePublished":"2025-11-05T15:22:06+00:00","dateModified":"2025-11-11T08:34:12+00:00","mainEntityOfPage":{"@id":"https:\/\/sosve.lu\/en\/concert-de-gala-2025-philharmonie-luxembourg\/"},"wordCount":319,"publisher":{"@id":"https:\/\/sosve.lu\/#organization"},"image":{"@id":"https:\/\/sosve.lu\/en\/concert-de-gala-2025-philharmonie-luxembourg\/#primaryimage"},"thumbnailUrl":"https:\/\/sosve.lu\/wp-content\/uploads\/2025\/11\/Header-4954x1161-Gala-2025-2-scaled.jpg","articleSection":["Events","Non classifi\u00e9(e)","Our projects"],"inLanguage":"en-US"},{"@type":"WebPage","@id":"https:\/\/sosve.lu\/en\/concert-de-gala-2025-philharmonie-luxembourg\/","url":"https:\/\/sosve.lu\/en\/concert-de-gala-2025-philharmonie-luxembourg\/","name":"SOS Villages d'Enfants Monde Gala Concert at the Luxembourg Philharmonic - SOS Villages d\u2019Enfants Monde","isPartOf":{"@id":"https:\/\/sosve.lu\/#website"},"primaryImageOfPage":{"@id":"https:\/\/sosve.lu\/en\/concert-de-gala-2025-philharmonie-luxembourg\/#primaryimage"},"image":{"@id":"https:\/\/sosve.lu\/en\/concert-de-gala-2025-philharmonie-luxembourg\/#primaryimage"},"thumbnailUrl":"https:\/\/sosve.lu\/wp-content\/uploads\/2025\/11\/Header-4954x1161-Gala-2025-2-scaled.jpg","datePublished":"2025-11-05T15:22:06+00:00","dateModified":"2025-11-11T08:34:12+00:00","description":"On Thursday, 4 December 2025, at 7:30 p.m. in the Grand Auditorium, the Luxembourg Philharmonic will perform the 49th SOS Villages d'Enfants Monde Gala Concert.","inLanguage":"en-US","potentialAction":[{"@type":"ReadAction","target":["https:\/\/sosve.lu\/en\/concert-de-gala-2025-philharmonie-luxembourg\/"]}]},{"@type":"ImageObject","inLanguage":"en-US","@id":"https:\/\/sosve.lu\/en\/concert-de-gala-2025-philharmonie-luxembourg\/#primaryimage","url":"https:\/\/sosve.lu\/wp-content\/uploads\/2025\/11\/Header-4954x1161-Gala-2025-2-scaled.jpg","contentUrl":"https:\/\/sosve.lu\/wp-content\/uploads\/2025\/11\/Header-4954x1161-Gala-2025-2-scaled.jpg","width":2560,"height":858},{"@type":"WebSite","@id":"https:\/\/sosve.lu\/#website","url":"https:\/\/sosve.lu\/","name":"SOS Villages d\u2019Enfants Monde","description":"Soutenez SOSVE par un Don\u200e","publisher":{"@id":"https:\/\/sosve.lu\/#organization"},"potentialAction":[{"@type":"SearchAction","target":{"@type":"EntryPoint","urlTemplate":"https:\/\/sosve.lu\/?s={search_term_string}"},"query-input":{"@type":"PropertyValueSpecification","valueRequired":true,"valueName":"search_term_string"}}],"inLanguage":"en-US"},{"@type":"Organization","@id":"https:\/\/sosve.lu\/#organization","name":"SOS Villages d'Enfants Luxembourg","url":"https:\/\/sosve.lu\/","logo":{"@type":"ImageObject","inLanguage":"en-US","@id":"https:\/\/sosve.lu\/#\/schema\/logo\/image\/","url":"https:\/\/sosve.lu\/wp-content\/uploads\/2020\/04\/SOS_Logo.svg","contentUrl":"https:\/\/sosve.lu\/wp-content\/uploads\/2020\/04\/SOS_Logo.svg","width":"1024","height":"1024","caption":"SOS Villages d'Enfants Luxembourg"},"image":{"@id":"https:\/\/sosve.lu\/#\/schema\/logo\/image\/"},"sameAs":["https:\/\/www.facebook.com\/sosvemlux\/","https:\/\/www.instagram.com\/sosvillagesdenfantsmonde\/","https:\/\/lu.linkedin.com\/in\/sosvem"]},{"@type":"Person","@id":"https:\/\/sosve.lu\/#\/schema\/person\/cc469c37a200508fa573448d36f1f6af","name":"Melany Charpentier","image":{"@type":"ImageObject","inLanguage":"en-US","@id":"https:\/\/secure.gravatar.com\/avatar\/83c5ac0026c0c0dbdfd08540de55cef69e58a3e13552acc9de33c7092ed33268?s=96&d=mm&r=g","url":"https:\/\/secure.gravatar.com\/avatar\/83c5ac0026c0c0dbdfd08540de55cef69e58a3e13552acc9de33c7092ed33268?s=96&d=mm&r=g","contentUrl":"https:\/\/secure.gravatar.com\/avatar\/83c5ac0026c0c0dbdfd08540de55cef69e58a3e13552acc9de33c7092ed33268?s=96&d=mm&r=g","caption":"Melany Charpentier"},"url":"https:\/\/sosve.lu\/en\/author\/melany\/"}]}},"_links":{"self":[{"href":"https:\/\/sosve.lu\/en\/wp-json\/wp\/v2\/posts\/9842529","targetHints":{"allow":["GET"]}}],"collection":[{"href":"https:\/\/sosve.lu\/en\/wp-json\/wp\/v2\/posts"}],"about":[{"href":"https:\/\/sosve.lu\/en\/wp-json\/wp\/v2\/types\/post"}],"author":[{"embeddable":true,"href":"https:\/\/sosve.lu\/en\/wp-json\/wp\/v2\/users\/14"}],"replies":[{"embeddable":true,"href":"https:\/\/sosve.lu\/en\/wp-json\/wp\/v2\/comments?post=9842529"}],"version-history":[{"count":3,"href":"https:\/\/sosve.lu\/en\/wp-json\/wp\/v2\/posts\/9842529\/revisions"}],"predecessor-version":[{"id":9842535,"href":"https:\/\/sosve.lu\/en\/wp-json\/wp\/v2\/posts\/9842529\/revisions\/9842535"}],"wp:featuredmedia":[{"embeddable":true,"href":"https:\/\/sosve.lu\/en\/wp-json\/wp\/v2\/media\/9842481"}],"wp:attachment":[{"href":"https:\/\/sosve.lu\/en\/wp-json\/wp\/v2\/media?parent=9842529"}],"wp:term":[{"taxonomy":"category","embeddable":true,"href":"https:\/\/sosve.lu\/en\/wp-json\/wp\/v2\/categories?post=9842529"},{"taxonomy":"post_tag","embeddable":true,"href":"https:\/\/sosve.lu\/en\/wp-json\/wp\/v2\/tags?post=9842529"}],"curies":[{"name":"wp","href":"https:\/\/api.w.org\/{rel}","templated":true}]}}